{"id":2027,"date":"2025-09-09T13:32:46","date_gmt":"2025-09-09T13:32:46","guid":{"rendered":"http:\/\/ol-osterhofen.de\/?p=2027"},"modified":"2025-09-10T10:33:48","modified_gmt":"2025-09-10T10:33:48","slug":"bayerncup-heimspiel-auf-der-rusel","status":"publish","type":"post","link":"https:\/\/ol-osterhofen.de\/?p=2027","title":{"rendered":"Bayerncup-Heimspiel auf der Rusel"},"content":{"rendered":"<p>Am ersten Septemberwochenende organisierte der SV Mietraching bei herrlichem Sp\u00e4tsommerwetter, die Bay. Meisterschaft auf der Mitteldistanz am Samstag und den 5. Bayerncuplauf am Sonntag, inmitten der steilen, felsigen und naturstarken W\u00e4lder unterhalb des Ruselabsatzes. Der TV Osterhofen war an beiden Tagen fast vollst\u00e4ndig mit seinen Olern\u00a0 vertreten. W\u00e4hrend am Samstag das orientierungsstarke, genaue Kartenlesen in den teilweise sehr schwierig belaufbaren Fels- und Blockfeldpartien notwendig war, entsprachen die Bahnen am Sonntag der klassischen Langdistanz mit kniffligen Routenwahlentscheidungen, welche meist ausschlaggebend f\u00fcr die Platzierungen waren.<\/p>\n<p>In der D45 schaffte Olga einen beachtlichen 5. Platz hinter den Favoriten. Gertrud unterliefen in der Klasse D55 zu viele kleine Fehler und landete auf Rang sechs, damit einen Platz vor Iris. Siegfried gelang in seiner H55 ein solider Lauf, allerdings mit einem Zweiminutenfehler, welcher ihm den sonst sicheren 3. Platz bei der Bay. Meisterschaft garantiert h\u00e4tte. So verfehlte er diesen mit 9 sec. R\u00fcckstand. Josef hatte, wie er berichtet hat, leichte Konzentrationsprobleme und verursachte einen gravierenden O-technischen Fehler und landete damit auf Platz 7 in der H65. Georg w\u00e4hlte seinem doch schon betagtem Alter entsprechend, die Bahn Offen Kurz und hatte auch damit Freude.<\/p>\n<p>In der Summe war es ergebnistechnisch nur ein durchwachsender Samstag.<\/p>\n<p>Der Sonntag forderte mit den l\u00e4ngeren Bahnen dann mehr die Physis und Ausdauer.<\/p>\n<p>Hier konnte sich Olga Platz sechs sichern. In der D55 stellte Gertrud jedoch ihre Routine und Kondition unter Beweis und holte sich mit einer Minute Vorsprung den Tagessieg. Iris erk\u00e4mpfte sich den sechsten Rang. Da Siegfried als Technischer Delegierter des Landesfachausschusses f\u00fcr diesen Wettkampf bestellt war konnte er nicht als L\u00e4ufer teilnehmen. Peter schaffte in der sehr teilnehmerstarken Klasse H55 den Rang 12. Und Josef musste sich auch diesen Tag mit Platz sechs begn\u00fcgen.<\/p>\n<p>In der Summe war es ein herrliches, unfallfreies, sehr gut organisiertes Heimatwochenende mit kurzer Anreise, sp\u00e4tsommerlichem Sonnenschein und doch allseits frohen Gesichtern.<img decoding=\"async\" loading=\"lazy\" class=\"alignnone wp-image-2028\" src=\"http:\/\/ol-osterhofen.de\/wp-content\/uploads\/2025\/09\/20250907_095954-002-300x225.jpg\" alt=\"\" width=\"276\" height=\"207\" srcset=\"https:\/\/ol-osterhofen.de\/wp-content\/uploads\/2025\/09\/20250907_095954-002-300x225.jpg 300w, https:\/\/ol-osterhofen.de\/wp-content\/uploads\/2025\/09\/20250907_095954-002-1024x768.jpg 1024w, https:\/\/ol-osterhofen.de\/wp-content\/uploads\/2025\/09\/20250907_095954-002-768x576.jpg 768w, https:\/\/ol-osterhofen.de\/wp-content\/uploads\/2025\/09\/20250907_095954-002-1536x1152.jpg 1536w, https:\/\/ol-osterhofen.de\/wp-content\/uploads\/2025\/09\/20250907_095954-002-2048x1536.jpg 2048w\" sizes=\"(max-width: 276px) 100vw, 276px\" \/><\/p>\n<p>Die Startboxen am Waldrand am Ruselparkplatz<\/p>\n","protected":false},"excerpt":{"rendered":"<p>Am ersten Septemberwochenende organisierte der SV Mietraching bei herrlichem Sp\u00e4tsommerwetter, die Bay. Meisterschaft auf der Mitteldistanz am Samstag und den 5. Bayerncuplauf am Sonntag, inmitten der steilen, felsigen und naturstarken W\u00e4lder unterhalb des Ruselabsatzes. Der TV Osterhofen war an beiden &hellip; <a class=\"more-link\" href=\"https:\/\/ol-osterhofen.de\/?p=2027\">weiterlesen<\/a><\/p>","protected":false},"author":2,"featured_media":0,"comment_status":"closed","ping_status":"closed","sticky":false,"template":"","format":"standard","meta":[],"categories":[1],"tags":[],"_links":{"self":[{"href":"https:\/\/ol-osterhofen.de\/index.php?rest_route=\/wp\/v2\/posts\/2027"}],"collection":[{"href":"https:\/\/ol-osterhofen.de\/index.php?rest_route=\/wp\/v2\/posts"}],"about":[{"href":"https:\/\/ol-osterhofen.de\/index.php?rest_route=\/wp\/v2\/types\/post"}],"author":[{"embeddable":true,"href":"https:\/\/ol-osterhofen.de\/index.php?rest_route=\/wp\/v2\/users\/2"}],"replies":[{"embeddable":true,"href":"https:\/\/ol-osterhofen.de\/index.php?rest_route=%2Fwp%2Fv2%2Fcomments&post=2027"}],"version-history":[{"count":4,"href":"https:\/\/ol-osterhofen.de\/index.php?rest_route=\/wp\/v2\/posts\/2027\/revisions"}],"predecessor-version":[{"id":2032,"href":"https:\/\/ol-osterhofen.de\/index.php?rest_route=\/wp\/v2\/posts\/2027\/revisions\/2032"}],"wp:attachment":[{"href":"https:\/\/ol-osterhofen.de\/index.php?rest_route=%2Fwp%2Fv2%2Fmedia&parent=2027"}],"wp:term":[{"taxonomy":"category","embeddable":true,"href":"https:\/\/ol-osterhofen.de\/index.php?rest_route=%2Fwp%2Fv2%2Fcategories&post=2027"},{"taxonomy":"post_tag","embeddable":true,"href":"https:\/\/ol-osterhofen.de\/index.php?rest_route=%2Fwp%2Fv2%2Ftags&post=2027"}],"curies":[{"name":"wp","href":"https:\/\/api.w.org\/{rel}","templated":true}]}}