{"id":1361,"date":"2018-06-27T14:58:24","date_gmt":"2018-06-27T14:58:24","guid":{"rendered":"http:\/\/ol-osterhofen.de\/?p=1361"},"modified":"2018-06-27T15:06:04","modified_gmt":"2018-06-27T15:06:04","slug":"alpen-adria-cup-in-ungarn","status":"publish","type":"post","link":"https:\/\/ol-osterhofen.de\/?p=1361","title":{"rendered":"Alpen-Adria-Cup in Ungarn"},"content":{"rendered":"<p><em><img decoding=\"async\" loading=\"lazy\" class=\"alignnone size-medium wp-image-1362\" src=\"http:\/\/ol-osterhofen.de\/wp-content\/uploads\/2018\/06\/20180615_181837-e1530110500934-300x169.jpg\" alt=\"\" width=\"300\" height=\"169\" srcset=\"https:\/\/ol-osterhofen.de\/wp-content\/uploads\/2018\/06\/20180615_181837-e1530110500934-300x169.jpg 300w, https:\/\/ol-osterhofen.de\/wp-content\/uploads\/2018\/06\/20180615_181837-e1530110500934-768x432.jpg 768w, https:\/\/ol-osterhofen.de\/wp-content\/uploads\/2018\/06\/20180615_181837-e1530110500934-1024x576.jpg 1024w, https:\/\/ol-osterhofen.de\/wp-content\/uploads\/2018\/06\/20180615_181837-e1530110500934.jpg 2048w\" sizes=\"(max-width: 300px) 100vw, 300px\" \/>Siegfried Liebl<\/em><\/p>\n<p>Mit sechs Aktiven reiste unsere OL-Abteilung Mitte Juni\u00a0zum L\u00e4nderkampf in das westungarische Szombathely um sich das Bayernteam im Alpen-Adria-Cup zu unterst\u00fctzen. Knapp 40 L\u00e4ufer aus ganz Bayern versuchten den 3. Platz in der L\u00e4nderwertung von 2017 zu wiederholen. Nach drei Tagen mit absolut ansprechenden und anspruchsvollen Bahnen im unterschiedlichen Gel\u00e4nde von urban bis zum steilen Mischwald reichend, gelang das Unterfangen. Auch durch Osterhofener Unterst\u00fctzung. So konnten Gertrud und Siegfried Liebl f\u00fcr das Team wertvolle Punkte erlaufen. Nachwuchsl\u00e4ufer Alexander Bauer, Iris Bauer, Martha Fritz und Peter Weigold vervollst\u00e4ndigten die Abordnung des TV Osterhofens. Bei angenehmen Wetter hatten alle sichtlich Spa\u00df. Unserem bayerischen Teamleader Ralph K\u00f6rner vom OLV Landshut sei nochmals f\u00fcr seine professionelle Organisation gedankt.<\/p>\n","protected":false},"excerpt":{"rendered":"<p>Siegfried Liebl Mit sechs Aktiven reiste unsere OL-Abteilung Mitte Juni\u00a0zum L\u00e4nderkampf in das westungarische Szombathely um sich das Bayernteam im Alpen-Adria-Cup zu unterst\u00fctzen. Knapp 40 L\u00e4ufer aus ganz Bayern versuchten den 3. Platz in der L\u00e4nderwertung von 2017 zu wiederholen. &hellip; <a class=\"more-link\" href=\"https:\/\/ol-osterhofen.de\/?p=1361\">weiterlesen<\/a><\/p>","protected":false},"author":5,"featured_media":0,"comment_status":"closed","ping_status":"closed","sticky":false,"template":"","format":"standard","meta":[],"categories":[1],"tags":[],"_links":{"self":[{"href":"https:\/\/ol-osterhofen.de\/index.php?rest_route=\/wp\/v2\/posts\/1361"}],"collection":[{"href":"https:\/\/ol-osterhofen.de\/index.php?rest_route=\/wp\/v2\/posts"}],"about":[{"href":"https:\/\/ol-osterhofen.de\/index.php?rest_route=\/wp\/v2\/types\/post"}],"author":[{"embeddable":true,"href":"https:\/\/ol-osterhofen.de\/index.php?rest_route=\/wp\/v2\/users\/5"}],"replies":[{"embeddable":true,"href":"https:\/\/ol-osterhofen.de\/index.php?rest_route=%2Fwp%2Fv2%2Fcomments&post=1361"}],"version-history":[{"count":5,"href":"https:\/\/ol-osterhofen.de\/index.php?rest_route=\/wp\/v2\/posts\/1361\/revisions"}],"predecessor-version":[{"id":1369,"href":"https:\/\/ol-osterhofen.de\/index.php?rest_route=\/wp\/v2\/posts\/1361\/revisions\/1369"}],"wp:attachment":[{"href":"https:\/\/ol-osterhofen.de\/index.php?rest_route=%2Fwp%2Fv2%2Fmedia&parent=1361"}],"wp:term":[{"taxonomy":"category","embeddable":true,"href":"https:\/\/ol-osterhofen.de\/index.php?rest_route=%2Fwp%2Fv2%2Fcategories&post=1361"},{"taxonomy":"post_tag","embeddable":true,"href":"https:\/\/ol-osterhofen.de\/index.php?rest_route=%2Fwp%2Fv2%2Ftags&post=1361"}],"curies":[{"name":"wp","href":"https:\/\/api.w.org\/{rel}","templated":true}]}}