{"id":342,"date":"2013-10-22T07:10:12","date_gmt":"2013-10-22T07:10:12","guid":{"rendered":"http:\/\/ol-osterhofen.de\/?p=342"},"modified":"2013-10-22T07:14:15","modified_gmt":"2013-10-22T07:14:15","slug":"georg-reischl-ist-zum-11-male-bundesranglistensieger","status":"publish","type":"post","link":"http:\/\/ol-osterhofen.de\/?p=342","title":{"rendered":"Georg Reischl ist zum 11. Male Bundesranglistensieger"},"content":{"rendered":"<div id=\"attachment_344\" style=\"width: 135px\" class=\"wp-caption alignleft\"><a href=\"http:\/\/ol-osterhofen.de\/wp-content\/uploads\/2013\/10\/Georg_Bundesrangliste1.jpg\"><img aria-describedby=\"caption-attachment-344\" decoding=\"async\" loading=\"lazy\" class=\" wp-image-344  \" alt=\"OLYMPUS DIGITAL CAMERA\" src=\"http:\/\/ol-osterhofen.de\/wp-content\/uploads\/2013\/10\/Georg_Bundesrangliste1-224x300.jpg\" width=\"125\" height=\"168\" srcset=\"http:\/\/ol-osterhofen.de\/wp-content\/uploads\/2013\/10\/Georg_Bundesrangliste1-224x300.jpg 224w, http:\/\/ol-osterhofen.de\/wp-content\/uploads\/2013\/10\/Georg_Bundesrangliste1-768x1024.jpg 768w\" sizes=\"(max-width: 125px) 100vw, 125px\" \/><\/a><p id=\"caption-attachment-344\" class=\"wp-caption-text\">Georg Reischl<\/p><\/div>\n<p style=\"text-align: justify\">Die Orientierungslauf-Saison 2013 ist abgeschlossen, alle Titel sind vergeben und somit steht auch der Endstand der diesj\u00e4hrigen Bundesrangliste fest. Diese Rangliste zeigt den Leistungs-stand \u00fcber die ganze Saison nach insgesamt 10 bundesweiten Vergleichsk\u00e4mpfen.<!--more--><\/p>\n<p style=\"text-align: justify\">Seine Dominanz in der Seniorenklasse H 75 bewies einmal mehr Georg Reischl vom TV Osterhofen. Zwar nahm er nur an 4 Wertungsl\u00e4ufen teil, aber er konnte dabei dreimal den Sieg erringen. Dadurch sicherte sich der Osterhofener zum 6. Mal in Folge den Bundesranglistensieg in seiner Altersklasse. Insgesamt ist dies der 11. Gesamtsieg f\u00fcr den Osterhofener Dauerl\u00e4ufer.<\/p>\n<p>&nbsp;<\/p>\n<p>&nbsp;<\/p>\n<p>&nbsp;<\/p>\n","protected":false},"excerpt":{"rendered":"<p>Die Orientierungslauf-Saison 2013 ist abgeschlossen, alle Titel sind vergeben und somit steht auch der Endstand der diesj\u00e4hrigen Bundesrangliste fest. Diese Rangliste zeigt den Leistungs-stand \u00fcber die ganze Saison nach insgesamt 10 bundesweiten Vergleichsk\u00e4mpfen. <a class=\"more-link\" href=\"http:\/\/ol-osterhofen.de\/?p=342\">weiterlesen<\/a><\/p>","protected":false},"author":3,"featured_media":0,"comment_status":"closed","ping_status":"closed","sticky":false,"template":"","format":"standard","meta":[],"categories":[1,3],"tags":[],"_links":{"self":[{"href":"http:\/\/ol-osterhofen.de\/index.php?rest_route=\/wp\/v2\/posts\/342"}],"collection":[{"href":"http:\/\/ol-osterhofen.de\/index.php?rest_route=\/wp\/v2\/posts"}],"about":[{"href":"http:\/\/ol-osterhofen.de\/index.php?rest_route=\/wp\/v2\/types\/post"}],"author":[{"embeddable":true,"href":"http:\/\/ol-osterhofen.de\/index.php?rest_route=\/wp\/v2\/users\/3"}],"replies":[{"embeddable":true,"href":"http:\/\/ol-osterhofen.de\/index.php?rest_route=%2Fwp%2Fv2%2Fcomments&post=342"}],"version-history":[{"count":4,"href":"http:\/\/ol-osterhofen.de\/index.php?rest_route=\/wp\/v2\/posts\/342\/revisions"}],"predecessor-version":[{"id":348,"href":"http:\/\/ol-osterhofen.de\/index.php?rest_route=\/wp\/v2\/posts\/342\/revisions\/348"}],"wp:attachment":[{"href":"http:\/\/ol-osterhofen.de\/index.php?rest_route=%2Fwp%2Fv2%2Fmedia&parent=342"}],"wp:term":[{"taxonomy":"category","embeddable":true,"href":"http:\/\/ol-osterhofen.de\/index.php?rest_route=%2Fwp%2Fv2%2Fcategories&post=342"},{"taxonomy":"post_tag","embeddable":true,"href":"http:\/\/ol-osterhofen.de\/index.php?rest_route=%2Fwp%2Fv2%2Ftags&post=342"}],"curies":[{"name":"wp","href":"https:\/\/api.w.org\/{rel}","templated":true}]}}