{"id":2040,"date":"2025-10-29T14:05:43","date_gmt":"2025-10-29T14:05:43","guid":{"rendered":"https:\/\/ol-osterhofen.de\/?p=2040"},"modified":"2025-10-30T11:47:02","modified_gmt":"2025-10-30T11:47:02","slug":"bayerncupfinale-am-letzten-oktoberwochenende","status":"publish","type":"post","link":"http:\/\/ol-osterhofen.de\/?p=2040","title":{"rendered":"Bayerncupfinale am letzten Oktoberwochenende"},"content":{"rendered":"<p><img decoding=\"async\" loading=\"lazy\" class=\"alignnone size-medium wp-image-2046\" src=\"http:\/\/ol-osterhofen.de\/wp-content\/uploads\/2025\/10\/1000037718-225x300.jpg\" alt=\"\" width=\"225\" height=\"300\" srcset=\"http:\/\/ol-osterhofen.de\/wp-content\/uploads\/2025\/10\/1000037718-225x300.jpg 225w, http:\/\/ol-osterhofen.de\/wp-content\/uploads\/2025\/10\/1000037718-768x1024.jpg 768w, http:\/\/ol-osterhofen.de\/wp-content\/uploads\/2025\/10\/1000037718-1152x1536.jpg 1152w, http:\/\/ol-osterhofen.de\/wp-content\/uploads\/2025\/10\/1000037718.jpg 1536w\" sizes=\"(max-width: 225px) 100vw, 225px\" \/><img decoding=\"async\" loading=\"lazy\" class=\"alignnone size-medium wp-image-2042\" src=\"http:\/\/ol-osterhofen.de\/wp-content\/uploads\/2025\/10\/csm_PHOTO-2025-10-26-19-06-51_54c7d3ddd4-225x300.jpg\" alt=\"\" width=\"225\" height=\"300\" srcset=\"http:\/\/ol-osterhofen.de\/wp-content\/uploads\/2025\/10\/csm_PHOTO-2025-10-26-19-06-51_54c7d3ddd4-225x300.jpg 225w, http:\/\/ol-osterhofen.de\/wp-content\/uploads\/2025\/10\/csm_PHOTO-2025-10-26-19-06-51_54c7d3ddd4.jpg 600w\" sizes=\"(max-width: 225px) 100vw, 225px\" \/><\/p>\n<p>Bei stark wechselnden Wetterbedingungen fanden in Reichlkofen und M\u00fcnchen-Neuried der 6. und\u00a0 7. Bayerncuplauf statt. Die fr\u00fchen Starter traten bei starkem Regen an, die sp\u00e4ten Starter hatten Gl\u00fcck bei trockenen Bedingungen.<\/p>\n<p>Am Samstag im Kr\u00f6ninger Forst ging es \u00fcberraschend nicht durch Brennesseln und Dornen wie in Landshuter W\u00e4ldern typisch sondern meist durch gut belaufbaren Hochwald.<\/p>\n<p>In der D45 schaffte Olga einen sehr guten 3. Platz wie auch Gertrud in D55.Iris und Martha kamen auf den Pl\u00e4tzen 5 und 7 ins Ziel.<\/p>\n<p>Bei den Herren gingen in der Klasse H55 Siegfried und Peter an den Start und erreichten die Pl\u00e4tze neun bzw. zw\u00f6lf. In H65. ging Josef an den Start. Leider unterlief ihm der einzige Fehlstempel im gesamten Teilnehmerfeld so dass er nicht in die Wertung kam.<\/p>\n<p>Am Sonntag beim 7. Wertungslauf zum BayernCup im Forstenrieder Park begr\u00fc\u00dften die L\u00e4ufer am Vormittag teils heftige Regenschauer und Windb\u00f6en. Das flache und gut erschlossene Waldgel\u00e4nde war schwierig belaufbar und so w\u00e4hlten die L\u00e4ufer oft Umwege anstatt den direkten Routen.<\/p>\n<p>Olga landete dabei auf Platz f\u00fcnf. In der D55 konnte Gertrud den 3. Platz wie am Vortag erreichen, Martha kam diesmal auf dem 8.Rang. an. Bei den Herren belegte in der teilnehmerstarken Klasse H55 Siegfried den 9 Platz, Peter lief auf Rang 13 ein. Josef konnte nach seiner Entt\u00e4uschung vom Vortag hinter den Favoriten den 4. Platz erreichen.<\/p>\n<p>Bei der abschlie\u00dfenden Siegerehrung f\u00fcr die Bayerncupgesamtwertung stand diesmal leider kein Osterhofener L\u00e4ufer auf dem Treppchen.<\/p>\n<p>Hier die Platzierungen:<\/p>\n<p>Olga Lenz kam in D45 kam auf den 5. Platz. Gertrud Liebl verfehlte in der Altersklasse D55 knapp das Treppchen und landete auf dem 4. Platz. Iris Bauer erreichte in der gleichen Kategorie Platz 7. und Martha Fritz Platz 15.. In der sehr stark besetzten Altersklasse H55 kamen Siegfried Liebl auf den 9. Platz und Peter Weigold auf den 18. Platz. Josef K\u00fcmpfbeck belegte in H65 Rang 7.<\/p>\n<p>F\u00fcr einige L\u00e4ufer geht es jetzt in die Winterpause, andere werden evtl. bei den Landshuter Orientierungslauf-Abenden oder der Regensburger Winterlaufserie starten.<\/p>\n","protected":false},"excerpt":{"rendered":"<p>Bei stark wechselnden Wetterbedingungen fanden in Reichlkofen und M\u00fcnchen-Neuried der 6. und\u00a0 7. Bayerncuplauf statt. Die fr\u00fchen Starter traten bei starkem Regen an, die sp\u00e4ten Starter hatten Gl\u00fcck bei trockenen Bedingungen. Am Samstag im Kr\u00f6ninger Forst ging es \u00fcberraschend nicht &hellip; <a class=\"more-link\" href=\"http:\/\/ol-osterhofen.de\/?p=2040\">weiterlesen<\/a><\/p>","protected":false},"author":7,"featured_media":0,"comment_status":"closed","ping_status":"closed","sticky":false,"template":"","format":"standard","meta":[],"categories":[1],"tags":[],"_links":{"self":[{"href":"http:\/\/ol-osterhofen.de\/index.php?rest_route=\/wp\/v2\/posts\/2040"}],"collection":[{"href":"http:\/\/ol-osterhofen.de\/index.php?rest_route=\/wp\/v2\/posts"}],"about":[{"href":"http:\/\/ol-osterhofen.de\/index.php?rest_route=\/wp\/v2\/types\/post"}],"author":[{"embeddable":true,"href":"http:\/\/ol-osterhofen.de\/index.php?rest_route=\/wp\/v2\/users\/7"}],"replies":[{"embeddable":true,"href":"http:\/\/ol-osterhofen.de\/index.php?rest_route=%2Fwp%2Fv2%2Fcomments&post=2040"}],"version-history":[{"count":6,"href":"http:\/\/ol-osterhofen.de\/index.php?rest_route=\/wp\/v2\/posts\/2040\/revisions"}],"predecessor-version":[{"id":2053,"href":"http:\/\/ol-osterhofen.de\/index.php?rest_route=\/wp\/v2\/posts\/2040\/revisions\/2053"}],"wp:attachment":[{"href":"http:\/\/ol-osterhofen.de\/index.php?rest_route=%2Fwp%2Fv2%2Fmedia&parent=2040"}],"wp:term":[{"taxonomy":"category","embeddable":true,"href":"http:\/\/ol-osterhofen.de\/index.php?rest_route=%2Fwp%2Fv2%2Fcategories&post=2040"},{"taxonomy":"post_tag","embeddable":true,"href":"http:\/\/ol-osterhofen.de\/index.php?rest_route=%2Fwp%2Fv2%2Ftags&post=2040"}],"curies":[{"name":"wp","href":"https:\/\/api.w.org\/{rel}","templated":true}]}}